{"id":1852,"date":"2019-01-14T22:29:49","date_gmt":"2019-01-14T21:29:49","guid":{"rendered":"http:\/\/lespassereves.fr\/?p=1852"},"modified":"2019-01-14T22:29:49","modified_gmt":"2019-01-14T21:29:49","slug":"et-si-le-moment-etait-venu-de-parler-de-bien-etre-a-lecole","status":"publish","type":"post","link":"http:\/\/lespassereves.fr\/index.php\/2019\/01\/14\/et-si-le-moment-etait-venu-de-parler-de-bien-etre-a-lecole\/","title":{"rendered":"Et si le moment \u00e9tait venu de parler de bien-\u00eatre \u00e0 l&rsquo;\u00e9cole ?"},"content":{"rendered":"<h1>Le bien-\u00eatre \u00e0 l&rsquo;\u00e9cole, une chance pour les \u00e9l\u00e8ves ?<\/h1>\n<p style=\"text-align: center;\">\u00a0<img data-recalc-dims=\"1\" loading=\"lazy\" decoding=\"async\" data-attachment-id=\"1864\" data-permalink=\"http:\/\/lespassereves.fr\/index.php\/2019\/01\/14\/et-si-le-moment-etait-venu-de-parler-de-bien-etre-a-lecole\/passe-reves-impro-ecole-elodie\/#main\" data-orig-file=\"https:\/\/i0.wp.com\/lespassereves.fr\/wp-content\/uploads\/2018\/12\/passe-reves-impro-ecole-elodie.jpg?fit=462%2C354\" data-orig-size=\"462,354\" data-comments-opened=\"1\" data-image-meta=\"{&quot;aperture&quot;:&quot;1.7&quot;,&quot;credit&quot;:&quot;&quot;,&quot;camera&quot;:&quot;SM-G930F&quot;,&quot;caption&quot;:&quot;&quot;,&quot;created_timestamp&quot;:&quot;1527696812&quot;,&quot;copyright&quot;:&quot;&quot;,&quot;focal_length&quot;:&quot;4.2&quot;,&quot;iso&quot;:&quot;80&quot;,&quot;shutter_speed&quot;:&quot;0.02&quot;,&quot;title&quot;:&quot;&quot;,&quot;orientation&quot;:&quot;1&quot;}\" data-image-title=\"passe-reves-impro-ecole-elodie\" data-image-description=\"\" data-image-caption=\"\" data-large-file=\"https:\/\/i0.wp.com\/lespassereves.fr\/wp-content\/uploads\/2018\/12\/passe-reves-impro-ecole-elodie.jpg?fit=462%2C354\" class=\"alignnone wp-image-1864 size-medium\" src=\"https:\/\/i0.wp.com\/lespassereves.fr\/wp-content\/uploads\/2018\/12\/passe-reves-impro-ecole-elodie-300x230.jpg?resize=300%2C230\" alt=\"bien-\u00eatre \u00e0 l'\u00e9cole\" width=\"300\" height=\"230\" srcset=\"https:\/\/i0.wp.com\/lespassereves.fr\/wp-content\/uploads\/2018\/12\/passe-reves-impro-ecole-elodie.jpg?resize=300%2C230 300w, https:\/\/i0.wp.com\/lespassereves.fr\/wp-content\/uploads\/2018\/12\/passe-reves-impro-ecole-elodie.jpg?w=462 462w\" sizes=\"auto, (max-width: 300px) 100vw, 300px\" \/><\/p>\n<p><span style=\"color: #0000ff;\">Nous nous attachons \u00e0 mettre la bienveillance au c\u0153ur de nos processus d&rsquo;enseignement. Alors <\/span><span style=\"color: #0000ff;\">ici, pas de bonnet d&rsquo;\u00e2ne. <\/span><span style=\"color: #0000ff;\">Mais bien au contraire de nombreux\u00a0encouragements \u00e0 se d\u00e9passer. Se surpasser tout en douceur, en prenant compte des capacit\u00e9s de chacun.<\/span><\/p>\n<h2>Nos champs d&rsquo;actions : Maternelle, primaire, secondaire et au-del\u00e0<\/h2>\n<p><span style=\"color: #0000ff;\">Une bonne dose d&rsquo;enthousiasme \u00e0 l&rsquo;\u00e9cole est possible si tous les acteurs mettent la main \u00e0 la p\u00e2te. En amont, nous \u00e9changeons avec les \u00e9quipes pour monter\u00a0un projet qui leur ressemble tout en y m\u00ealant les valeurs qui sont les n\u00f4tres.<\/span><\/p>\n<p style=\"text-align: center;\"><img data-recalc-dims=\"1\" loading=\"lazy\" decoding=\"async\" data-attachment-id=\"1871\" data-permalink=\"http:\/\/lespassereves.fr\/index.php\/2019\/01\/14\/et-si-le-moment-etait-venu-de-parler-de-bien-etre-a-lecole\/passe-reves-impro-ecole-patrick\/#main\" data-orig-file=\"https:\/\/i0.wp.com\/lespassereves.fr\/wp-content\/uploads\/2018\/12\/passe-reves-impro-ecole-patrick.jpg?fit=462%2C273\" data-orig-size=\"462,273\" data-comments-opened=\"1\" data-image-meta=\"{&quot;aperture&quot;:&quot;1.7&quot;,&quot;credit&quot;:&quot;&quot;,&quot;camera&quot;:&quot;SM-G930F&quot;,&quot;caption&quot;:&quot;&quot;,&quot;created_timestamp&quot;:&quot;1525860424&quot;,&quot;copyright&quot;:&quot;&quot;,&quot;focal_length&quot;:&quot;4.2&quot;,&quot;iso&quot;:&quot;160&quot;,&quot;shutter_speed&quot;:&quot;0.01&quot;,&quot;title&quot;:&quot;&quot;,&quot;orientation&quot;:&quot;0&quot;}\" data-image-title=\"passe-reves-impro-ecole-patrick\" data-image-description=\"\" data-image-caption=\"\" data-large-file=\"https:\/\/i0.wp.com\/lespassereves.fr\/wp-content\/uploads\/2018\/12\/passe-reves-impro-ecole-patrick.jpg?fit=462%2C273\" class=\"alignnone wp-image-1871 size-medium\" src=\"https:\/\/i0.wp.com\/lespassereves.fr\/wp-content\/uploads\/2018\/12\/passe-reves-impro-ecole-patrick.jpg?resize=300%2C177\" alt=\"bien-\u00eatre \u00e0 l'\u00e9cole\" width=\"300\" height=\"177\" srcset=\"https:\/\/i0.wp.com\/lespassereves.fr\/wp-content\/uploads\/2018\/12\/passe-reves-impro-ecole-patrick.jpg?resize=300%2C177 300w, https:\/\/i0.wp.com\/lespassereves.fr\/wp-content\/uploads\/2018\/12\/passe-reves-impro-ecole-patrick.jpg?w=462 462w\" sizes=\"auto, (max-width: 300px) 100vw, 300px\" \/><\/p>\n<h3>Des projets d&rsquo;\u00e9cole d&rsquo;improvisation th\u00e9\u00e2trale, de clown et bien plus encore<\/h3>\n<p><span style=\"color: #0000ff;\">Vous avez un projet d&rsquo;\u00e9cole d&rsquo;expression th\u00e9\u00e2trale \u00e0 mener \u00e0 bien ?<br \/>\nNous sommes l\u00e0 pour vous \u00e9pauler. Nous pouvons monter un atelier de th\u00e9\u00e2tre utilisant les techniques de l&rsquo;improvisation,\u00a0 le maniement des marionnettes\u00a0ou encore de l&rsquo;art du conte.<br \/>\nEn communiquant notre passion au plus grand nombre, nous invitons les apprenants \u00e0 plonger les apprenants dans un univers qu&rsquo;ils ont eux-m\u00eames cr\u00e9\u00e9.<br \/>\nUn rendu sous forme de spectacle devant les parents peut \u00eatre proposer en fin de cession.<\/span><\/p>\n<h4>tours (Touraine), la verri\u00e8re (Yvelines), paris (ile de France), fort de France (Martinique) etc<\/h4>\n<p><span style=\"color: #0000ff;\">Nous avons b\u00e2ti notre exp\u00e9rience en allant sur le terrain co-construire des projets avec les enseignants.<br \/>\nLe constat est sans appel, le <strong>bien-\u00eatre \u00e0 l&rsquo;\u00e9cole<\/strong> peut \u00eatre diffus\u00e9 partout.<br \/>\nNous sommes tr\u00e8s mobiles, aussi nous intervenons partout o\u00f9 le besoin\u00a0se fait sentir.<br \/>\nNous pratiquons principalement en r\u00e9gion Ile de France ou en Touraine, mais la distance n&rsquo;ai pas un frein pour nous.<br \/>\nAlors ne perdez pas un instant, prenez contact avec nous au travers de la page <a href=\"http:\/\/lespassereves.fr\/index.php\/contact\/\">contact<\/a> ou \u00e0 l&rsquo;aide du num\u00e9ro de t\u00e9l\u00e9phone indiqu\u00e9 ci-dessous.<\/span><\/p>\n<p style=\"text-align: center;\"><img data-recalc-dims=\"1\" loading=\"lazy\" decoding=\"async\" data-attachment-id=\"1728\" data-permalink=\"http:\/\/lespassereves.fr\/index.php\/impro-clown-theatre-forum-en-indre-et-loire\/passe-reves-telephone-contact\/#main\" data-orig-file=\"https:\/\/i0.wp.com\/lespassereves.fr\/wp-content\/uploads\/2018\/11\/passe-reves-telephone-contact.png?fit=366%2C222\" data-orig-size=\"366,222\" data-comments-opened=\"1\" data-image-meta=\"{&quot;aperture&quot;:&quot;0&quot;,&quot;credit&quot;:&quot;&quot;,&quot;camera&quot;:&quot;&quot;,&quot;caption&quot;:&quot;&quot;,&quot;created_timestamp&quot;:&quot;0&quot;,&quot;copyright&quot;:&quot;&quot;,&quot;focal_length&quot;:&quot;0&quot;,&quot;iso&quot;:&quot;0&quot;,&quot;shutter_speed&quot;:&quot;0&quot;,&quot;title&quot;:&quot;&quot;,&quot;orientation&quot;:&quot;0&quot;}\" data-image-title=\"passe-reves-telephone-contact\" data-image-description=\"\" data-image-caption=\"\" data-large-file=\"https:\/\/i0.wp.com\/lespassereves.fr\/wp-content\/uploads\/2018\/11\/passe-reves-telephone-contact.png?fit=366%2C222\" class=\"alignnone wp-image-1728 size-full\" src=\"https:\/\/i0.wp.com\/lespassereves.fr\/wp-content\/uploads\/2018\/11\/passe-reves-telephone-contact.png?resize=366%2C222\" alt=\"bien-\u00eatre \u00e0 l'\u00e9cole\" width=\"366\" height=\"222\" srcset=\"https:\/\/i0.wp.com\/lespassereves.fr\/wp-content\/uploads\/2018\/11\/passe-reves-telephone-contact.png?w=366 366w, https:\/\/i0.wp.com\/lespassereves.fr\/wp-content\/uploads\/2018\/11\/passe-reves-telephone-contact.png?resize=300%2C182 300w\" sizes=\"auto, (max-width: 366px) 100vw, 366px\" \/><\/p>\n<p>&nbsp;<\/p>\n","protected":false},"excerpt":{"rendered":"<p>Le bien-\u00eatre \u00e0 l&rsquo;\u00e9cole, une chance pour les \u00e9l\u00e8ves ? \u00a0 Nous nous attachons \u00e0 mettre la bienveillance au c\u0153ur de nos processus d&rsquo;enseignement. Alors ici, pas de bonnet d&rsquo;\u00e2ne. Mais bien au contraire de nombreux\u00a0encouragements \u00e0 se d\u00e9passer. Se surpasser tout en douceur, en prenant compte des capacit\u00e9s de chacun. Nos champs d&rsquo;actions : &hellip; <a href=\"http:\/\/lespassereves.fr\/index.php\/2019\/01\/14\/et-si-le-moment-etait-venu-de-parler-de-bien-etre-a-lecole\/\" class=\"more-link\">Lire la suite <span class=\"screen-reader-text\">Et si le moment \u00e9tait venu de parler de bien-\u00eatre \u00e0 l&rsquo;\u00e9cole ?<\/span><\/a><\/p>\n","protected":false},"author":1,"featured_media":0,"comment_status":"open","ping_status":"open","sticky":false,"template":"","format":"standard","meta":{"jetpack_post_was_ever_published":false,"_jetpack_newsletter_access":"","_jetpack_dont_email_post_to_subs":false,"_jetpack_newsletter_tier_id":0,"_jetpack_memberships_contains_paywalled_content":false,"_jetpack_memberships_contains_paid_content":false,"footnotes":"","jetpack_publicize_message":"","jetpack_publicize_feature_enabled":true,"jetpack_social_post_already_shared":true,"jetpack_social_options":{"image_generator_settings":{"template":"highway","default_image_id":0,"font":"","enabled":false},"version":2}},"categories":[1],"tags":[],"class_list":["post-1852","post","type-post","status-publish","format-standard","hentry","category-non-classe","without-featured-image"],"jetpack_publicize_connections":[],"jetpack_featured_media_url":"","jetpack_sharing_enabled":true,"jetpack_shortlink":"https:\/\/wp.me\/p7LDIs-tS","jetpack_likes_enabled":true,"_links":{"self":[{"href":"http:\/\/lespassereves.fr\/index.php\/wp-json\/wp\/v2\/posts\/1852","targetHints":{"allow":["GET"]}}],"collection":[{"href":"http:\/\/lespassereves.fr\/index.php\/wp-json\/wp\/v2\/posts"}],"about":[{"href":"http:\/\/lespassereves.fr\/index.php\/wp-json\/wp\/v2\/types\/post"}],"author":[{"embeddable":true,"href":"http:\/\/lespassereves.fr\/index.php\/wp-json\/wp\/v2\/users\/1"}],"replies":[{"embeddable":true,"href":"http:\/\/lespassereves.fr\/index.php\/wp-json\/wp\/v2\/comments?post=1852"}],"version-history":[{"count":19,"href":"http:\/\/lespassereves.fr\/index.php\/wp-json\/wp\/v2\/posts\/1852\/revisions"}],"predecessor-version":[{"id":2025,"href":"http:\/\/lespassereves.fr\/index.php\/wp-json\/wp\/v2\/posts\/1852\/revisions\/2025"}],"wp:attachment":[{"href":"http:\/\/lespassereves.fr\/index.php\/wp-json\/wp\/v2\/media?parent=1852"}],"wp:term":[{"taxonomy":"category","embeddable":true,"href":"http:\/\/lespassereves.fr\/index.php\/wp-json\/wp\/v2\/categories?post=1852"},{"taxonomy":"post_tag","embeddable":true,"href":"http:\/\/lespassereves.fr\/index.php\/wp-json\/wp\/v2\/tags?post=1852"}],"curies":[{"name":"wp","href":"https:\/\/api.w.org\/{rel}","templated":true}]}}