{"id":1889,"date":"2019-01-14T22:29:57","date_gmt":"2019-01-14T21:29:57","guid":{"rendered":"http:\/\/lespassereves.fr\/?p=1889"},"modified":"2019-01-14T22:29:57","modified_gmt":"2019-01-14T21:29:57","slug":"et-si-le-moment-etait-venu-de-parler-de-bien-etre-au-travail","status":"publish","type":"post","link":"http:\/\/lespassereves.fr\/index.php\/2019\/01\/14\/et-si-le-moment-etait-venu-de-parler-de-bien-etre-au-travail\/","title":{"rendered":"Et si le moment \u00e9tait venu de parler de bien-\u00eatre au travail ?"},"content":{"rendered":"<h1>bien-\u00eatre au travail<\/h1>\n<p style=\"text-align: center;\"><img data-recalc-dims=\"1\" loading=\"lazy\" decoding=\"async\" data-attachment-id=\"1893\" data-permalink=\"http:\/\/lespassereves.fr\/index.php\/2019\/01\/14\/et-si-le-moment-etait-venu-de-parler-de-bien-etre-au-travail\/bien-etre\/#main\" data-orig-file=\"https:\/\/i0.wp.com\/lespassereves.fr\/wp-content\/uploads\/2018\/12\/bien-etre.jpg?fit=462%2C354\" data-orig-size=\"462,354\" data-comments-opened=\"1\" data-image-meta=\"{&quot;aperture&quot;:&quot;1.7&quot;,&quot;credit&quot;:&quot;&quot;,&quot;camera&quot;:&quot;SM-G930F&quot;,&quot;caption&quot;:&quot;&quot;,&quot;created_timestamp&quot;:&quot;1530719717&quot;,&quot;copyright&quot;:&quot;&quot;,&quot;focal_length&quot;:&quot;4.2&quot;,&quot;iso&quot;:&quot;40&quot;,&quot;shutter_speed&quot;:&quot;0.0011627906976744&quot;,&quot;title&quot;:&quot;&quot;,&quot;orientation&quot;:&quot;1&quot;}\" data-image-title=\"bien-etre\" data-image-description=\"\" data-image-caption=\"\" data-large-file=\"https:\/\/i0.wp.com\/lespassereves.fr\/wp-content\/uploads\/2018\/12\/bien-etre.jpg?fit=462%2C354\" class=\"alignnone size-full wp-image-1893\" src=\"https:\/\/i0.wp.com\/lespassereves.fr\/wp-content\/uploads\/2018\/12\/bien-etre.jpg?resize=462%2C354\" alt=\"bien-\u00eatre au travail\" width=\"462\" height=\"354\" srcset=\"https:\/\/i0.wp.com\/lespassereves.fr\/wp-content\/uploads\/2018\/12\/bien-etre.jpg?w=462 462w, https:\/\/i0.wp.com\/lespassereves.fr\/wp-content\/uploads\/2018\/12\/bien-etre.jpg?resize=300%2C230 300w\" sizes=\"auto, (max-width: 462px) 100vw, 462px\" \/><\/p>\n<p>&nbsp;<\/p>\n<h2>\u00e0 l&rsquo;aide du th\u00e9\u00e2tre, \u00e9voluons ensemble<\/h2>\n<p><span style=\"color: #000080; font-size: 14pt; font-family: tahoma,arial,helvetica,sans-serif;\">Une atmosph\u00e8re optimisme est primordiale au sein d&rsquo;une entreprise. Tout au long de nos formations, vous allez exp\u00e9rimenter des situations o\u00f9 les maitres mots sont bienveillance, \u00e9changes et partages. Nous allons par des m\u00e9thodes simples et efficaces chasser au loin le pessimisme ambiant. L&rsquo;impact sur les gains de productivit\u00e9 est flagrant.<\/span><\/p>\n<h3>une exp\u00e9rience inoubliable \u00e0 tours, paris, les Yvelines ou ailleurs<\/h3>\n<p><span style=\"font-size: 14pt; color: #000080;\"><span style=\"font-family: tahoma,arial,helvetica,sans-serif;\">Restaurons le<\/span> <strong>bien-\u00eatre au travail<\/strong> <span style=\"font-family: tahoma,arial,helvetica,sans-serif;\">au c\u0153ur de votre entreprise pour stimuler la cr\u00e9ativit\u00e9 de chacun. Se sentir bien au travail ! Un facteur positif qui est fort contagieux. Comme son contraire, le mal \u00eatre peut se r\u00e9pandre comme une goutte de caf\u00e9 dans une tasse de lait et venir ternir les relations entre coll\u00e8gues et faire perdre en productivit\u00e9 une entreprise. Nous nous d\u00e9pla\u00e7ons partout o\u00f9 la demande se fait. Notre p\u00e9rim\u00e8tre n&rsquo;a que peu de limites.<br \/>\n<\/span><\/span><\/p>\n<h4>stimuler l&rsquo;engagement et la productivit\u00e9 \u00e0 l&rsquo;aide de l&rsquo;improvisation<\/h4>\n<p><span style=\"font-family: tahoma,arial,helvetica,sans-serif; font-size: 14pt; color: #000080;\">En s&rsquo;appuyant sur le th\u00e9\u00e2tre d&rsquo;impro, chacun \u00e0 loisir \u00e0 sortir de sa coquille et d\u2019appr\u00e9hender avec ses coll\u00e8gues les probl\u00e9matiques propos\u00e9es. Les contraintes que nous imposons sont de r\u00e9els socles pour aider les participants \u00e0 faire \u00e9voluer les sayn\u00e8tes et les amener \u00e0 leur terme. Les autres participants sont tant\u00f4t spectateurs et tant\u00f4t com\u00e9diens. Mais quelque soit les conditions, ils sont toujours pr\u00e9sents pour \u00e9pauler leurs pairs en leur apportant leur soutien. Nous ne sommes jamais tr\u00e8s loin toujours \u00e0 m\u00eame \u00e0 encourager le groupe.<br \/>\n<\/span><\/p>\n<h5>les solutions existent, la preuve :<\/h5>\n<p><span style=\"color: #000080; font-family: tahoma,arial,helvetica,sans-serif; font-size: 14pt;\">Nos solutions sont applicables \u00e0 toutes formes de structures ou \u00e0 n&rsquo;importe quelle grandeur d&rsquo;entreprise. De nature, nous nous adaptons au terrain et nous appliquons \u00e0 nous adapter aux situations rencontr\u00e9es. Nous nous facilitons la t\u00e2che lors des \u00e9changes pr\u00e9liminaires \u00e0 toute formation. <\/span><\/p>\n","protected":false},"excerpt":{"rendered":"<p>bien-\u00eatre au travail &nbsp; \u00e0 l&rsquo;aide du th\u00e9\u00e2tre, \u00e9voluons ensemble Une atmosph\u00e8re optimisme est primordiale au sein d&rsquo;une entreprise. Tout au long de nos formations, vous allez exp\u00e9rimenter des situations o\u00f9 les maitres mots sont bienveillance, \u00e9changes et partages. Nous allons par des m\u00e9thodes simples et efficaces chasser au loin le pessimisme ambiant. L&rsquo;impact sur &hellip; <a href=\"http:\/\/lespassereves.fr\/index.php\/2019\/01\/14\/et-si-le-moment-etait-venu-de-parler-de-bien-etre-au-travail\/\" class=\"more-link\">Lire la suite <span class=\"screen-reader-text\">Et si le moment \u00e9tait venu de parler de bien-\u00eatre au travail ?<\/span><\/a><\/p>\n","protected":false},"author":1,"featured_media":0,"comment_status":"open","ping_status":"open","sticky":false,"template":"","format":"standard","meta":{"jetpack_post_was_ever_published":false,"_jetpack_newsletter_access":"","_jetpack_dont_email_post_to_subs":false,"_jetpack_newsletter_tier_id":0,"_jetpack_memberships_contains_paywalled_content":false,"_jetpack_memberships_contains_paid_content":false,"footnotes":"","jetpack_publicize_message":"","jetpack_publicize_feature_enabled":true,"jetpack_social_post_already_shared":true,"jetpack_social_options":{"image_generator_settings":{"template":"highway","default_image_id":0,"font":"","enabled":false},"version":2}},"categories":[1],"tags":[42],"class_list":["post-1889","post","type-post","status-publish","format-standard","hentry","category-non-classe","tag-bien-etre-au-travail","without-featured-image"],"jetpack_publicize_connections":[],"jetpack_featured_media_url":"","jetpack_sharing_enabled":true,"jetpack_shortlink":"https:\/\/wp.me\/p7LDIs-ut","jetpack_likes_enabled":true,"_links":{"self":[{"href":"http:\/\/lespassereves.fr\/index.php\/wp-json\/wp\/v2\/posts\/1889","targetHints":{"allow":["GET"]}}],"collection":[{"href":"http:\/\/lespassereves.fr\/index.php\/wp-json\/wp\/v2\/posts"}],"about":[{"href":"http:\/\/lespassereves.fr\/index.php\/wp-json\/wp\/v2\/types\/post"}],"author":[{"embeddable":true,"href":"http:\/\/lespassereves.fr\/index.php\/wp-json\/wp\/v2\/users\/1"}],"replies":[{"embeddable":true,"href":"http:\/\/lespassereves.fr\/index.php\/wp-json\/wp\/v2\/comments?post=1889"}],"version-history":[{"count":15,"href":"http:\/\/lespassereves.fr\/index.php\/wp-json\/wp\/v2\/posts\/1889\/revisions"}],"predecessor-version":[{"id":1905,"href":"http:\/\/lespassereves.fr\/index.php\/wp-json\/wp\/v2\/posts\/1889\/revisions\/1905"}],"wp:attachment":[{"href":"http:\/\/lespassereves.fr\/index.php\/wp-json\/wp\/v2\/media?parent=1889"}],"wp:term":[{"taxonomy":"category","embeddable":true,"href":"http:\/\/lespassereves.fr\/index.php\/wp-json\/wp\/v2\/categories?post=1889"},{"taxonomy":"post_tag","embeddable":true,"href":"http:\/\/lespassereves.fr\/index.php\/wp-json\/wp\/v2\/tags?post=1889"}],"curies":[{"name":"wp","href":"https:\/\/api.w.org\/{rel}","templated":true}]}}